{"id":6611,"date":"2026-09-03T12:52:43","date_gmt":"2026-09-03T10:52:43","guid":{"rendered":"https:\/\/diag-mav-essen.de\/?p=6611"},"modified":"2026-09-03T12:52:44","modified_gmt":"2026-09-03T10:52:44","slug":"gemeinsam-fuer-tariftreue-unterstuetzung-der-petition","status":"publish","type":"post","link":"https:\/\/diag-mav-essen.de\/?p=6611","title":{"rendered":"Gemeinsam f\u00fcr Tariftreue \u2013 Unterst\u00fctzung der Petition"},"content":{"rendered":"\n<figure class=\"wp-block-image size-large\"><a href=\"https:\/\/diag-mav-essen.de\/wp-content\/uploads\/2026\/05\/Logo-zusammen-m.-Bistum-fuer-HP.jpg\"><img loading=\"lazy\" decoding=\"async\" width=\"1024\" height=\"180\" src=\"https:\/\/diag-mav-essen.de\/wp-content\/uploads\/2026\/05\/Logo-zusammen-m.-Bistum-fuer-HP-1024x180.jpg\" alt=\"\" class=\"wp-image-6555\" srcset=\"https:\/\/diag-mav-essen.de\/wp-content\/uploads\/2026\/05\/Logo-zusammen-m.-Bistum-fuer-HP-1024x180.jpg 1024w, https:\/\/diag-mav-essen.de\/wp-content\/uploads\/2026\/05\/Logo-zusammen-m.-Bistum-fuer-HP-300x53.jpg 300w, https:\/\/diag-mav-essen.de\/wp-content\/uploads\/2026\/05\/Logo-zusammen-m.-Bistum-fuer-HP-768x135.jpg 768w, https:\/\/diag-mav-essen.de\/wp-content\/uploads\/2026\/05\/Logo-zusammen-m.-Bistum-fuer-HP-1536x271.jpg 1536w, https:\/\/diag-mav-essen.de\/wp-content\/uploads\/2026\/05\/Logo-zusammen-m.-Bistum-fuer-HP.jpg 1550w\" sizes=\"auto, (max-width: 1024px) 100vw, 1024px\" \/><\/a><\/figure>\n\n\n\n<p>Liebe Kolleginnen und Kollegen,<\/p>\n\n\n\n<p>wir informieren Euch, dass wir, der Vorstand der DiAG-MAV Essen diese Petition unterst\u00fctzt und bitten Euch auch um Eure Unterst\u00fctzung.<\/p>\n\n\n\n<p>Aktuell gibt es eine Petition der Caritasverb\u00e4nde in NRW zum Thema \u201eTariftreue\u201c. Das ist ein wichtiges Anliegen! Es geht darum, wie gute und faire Arbeitsbedingungen langfristig gesichert werden k\u00f6nnen und dass diese auch zuk\u00fcnftig refinanziert werden m\u00fcssen. Gerade die aktuellen Entwicklungen im Gesundheitsbereich und im weiteren Sozialbereich geben gro\u00dfen Anlass zur Sorge, dass Unternehmen, die sich an gute L\u00f6hne halten, benachteiligt werden. Dass kann nicht sein!<\/p>\n\n\n\n<p>Daher unsere Bitte an Euch:<br>Leitet die Information zur Petition bitte an Eure Kolleginnen und Kollegen weiter und gebt ihnen damit die M\u00f6glichkeit, sich selbst ein Bild zu machen und die Petition durch Ihre Zustimmung zu unterst\u00fctzen.<\/p>\n\n\n\n<p>Nat\u00fcrlich bleibt es Jeder und Jedem \u00fcberlassen, die Petition zu unterschreiben. Uns geht es darum, auf das Anliegen aufmerksam zu machen und m\u00f6glichst vielen Kolleginnen und Kollegen die M\u00f6glichkeit zu geben, sich zu beteiligen.<\/p>\n\n\n\n<p>Hier geht es zur Petition:<\/p>\n\n\n\n<p><a href=\"https:\/\/www.openpetition.de\/petition\/online\/tariftreue-besser-machen-pflege-medizin-und-soziale-dienste-staerken\">Tariftreue besser machen! Pflege, Medizin und soziale Dienste st\u00e4rken. &#8211; Online-Petition<\/a><\/p>\n\n\n\n<p>Vielen Dank f\u00fcr Eure Unterst\u00fctzung!<\/p>\n\n\n\n<p>Getreu dem Caritas-Motto: Zusammen geht was.<\/p>\n","protected":false},"excerpt":{"rendered":"<p>Liebe Kolleginnen und Kollegen, wir informieren Euch, dass wir, der Vorstand der DiAG-MAV Essen diese Petition unterst\u00fctzt und bitten Euch auch um Eure Unterst\u00fctzung. Aktuell gibt es eine Petition der Caritasverb\u00e4nde in NRW zum Thema \u201eTariftreue\u201c. Das ist ein wichtiges &hellip; <a href=\"https:\/\/diag-mav-essen.de\/?p=6611\">Weiterlesen <span class=\"meta-nav\">&rarr;<\/span><\/a><\/p>\n","protected":false},"author":1,"featured_media":0,"comment_status":"closed","ping_status":"closed","sticky":false,"template":"","format":"standard","meta":{"footnotes":""},"categories":[1],"tags":[],"class_list":["post-6611","post","type-post","status-publish","format-standard","hentry","category-allgemein"],"publishpress_future_action":{"enabled":false,"date":"2026-09-11 08:06:34","action":"change-status","newStatus":"draft","terms":[],"taxonomy":"category","extraData":[]},"publishpress_future_workflow_manual_trigger":{"enabledWorkflows":[]},"_links":{"self":[{"href":"https:\/\/diag-mav-essen.de\/index.php?rest_route=\/wp\/v2\/posts\/6611","targetHints":{"allow":["GET"]}}],"collection":[{"href":"https:\/\/diag-mav-essen.de\/index.php?rest_route=\/wp\/v2\/posts"}],"about":[{"href":"https:\/\/diag-mav-essen.de\/index.php?rest_route=\/wp\/v2\/types\/post"}],"author":[{"embeddable":true,"href":"https:\/\/diag-mav-essen.de\/index.php?rest_route=\/wp\/v2\/users\/1"}],"replies":[{"embeddable":true,"href":"https:\/\/diag-mav-essen.de\/index.php?rest_route=%2Fwp%2Fv2%2Fcomments&post=6611"}],"version-history":[{"count":1,"href":"https:\/\/diag-mav-essen.de\/index.php?rest_route=\/wp\/v2\/posts\/6611\/revisions"}],"predecessor-version":[{"id":6612,"href":"https:\/\/diag-mav-essen.de\/index.php?rest_route=\/wp\/v2\/posts\/6611\/revisions\/6612"}],"wp:attachment":[{"href":"https:\/\/diag-mav-essen.de\/index.php?rest_route=%2Fwp%2Fv2%2Fmedia&parent=6611"}],"wp:term":[{"taxonomy":"category","embeddable":true,"href":"https:\/\/diag-mav-essen.de\/index.php?rest_route=%2Fwp%2Fv2%2Fcategories&post=6611"},{"taxonomy":"post_tag","embeddable":true,"href":"https:\/\/diag-mav-essen.de\/index.php?rest_route=%2Fwp%2Fv2%2Ftags&post=6611"}],"curies":[{"name":"wp","href":"https:\/\/api.w.org\/{rel}","templated":true}]}}