{"id":6333,"date":"2025-05-14T12:28:24","date_gmt":"2025-05-14T10:28:24","guid":{"rendered":"https:\/\/diag-mav-essen.de\/?p=6333"},"modified":"2025-06-06T08:39:34","modified_gmt":"2025-06-06T06:39:34","slug":"tag-der-mav-am-30-06-2025","status":"publish","type":"post","link":"https:\/\/diag-mav-essen.de\/?p=6333","title":{"rendered":"Tag der MAV am 30.06.2025"},"content":{"rendered":"\n<figure class=\"wp-block-image size-large\"><a href=\"https:\/\/diag-mav-essen.de\/wp-content\/uploads\/2025\/04\/Logo-m.-Bistum.png\"><img loading=\"lazy\" decoding=\"async\" width=\"1024\" height=\"180\" src=\"https:\/\/diag-mav-essen.de\/wp-content\/uploads\/2025\/04\/Logo-m.-Bistum-1024x180.png\" alt=\"\" class=\"wp-image-6342\" srcset=\"https:\/\/diag-mav-essen.de\/wp-content\/uploads\/2025\/04\/Logo-m.-Bistum-1024x180.png 1024w, https:\/\/diag-mav-essen.de\/wp-content\/uploads\/2025\/04\/Logo-m.-Bistum-300x53.png 300w, https:\/\/diag-mav-essen.de\/wp-content\/uploads\/2025\/04\/Logo-m.-Bistum-768x135.png 768w, https:\/\/diag-mav-essen.de\/wp-content\/uploads\/2025\/04\/Logo-m.-Bistum-1536x271.png 1536w, https:\/\/diag-mav-essen.de\/wp-content\/uploads\/2025\/04\/Logo-m.-Bistum.png 1550w\" sizes=\"auto, (max-width: 1024px) 100vw, 1024px\" \/><\/a><\/figure>\n\n\n\n<p>Liebe Kolleginnen und Kollegen,<\/p>\n\n\n\n<p>hiermit leiten wir die Einladung der Wolfsburg in Kooperation mit dem Bisch\u00f6flichen Generalvikariat, dem Di\u00f6zesan-Caritasverband und der DiAG MAV Essen gerne an Euch weiter.<\/p>\n\n\n\n<p>Wir freuen uns sehr \u00fcber eine rege Teilnahme von Euch.<\/p>\n\n\n\n<p>Hier der link zur Einladung: <\/p>\n\n\n\n<div class=\"wp-block-file\"><a id=\"wp-block-file--media-38128be1-6bef-4694-96f9-2252df35d5b2\" href=\"https:\/\/diag-mav-essen.de\/wp-content\/uploads\/2025\/04\/Einladung-zum-Tag-der-MAV-im-Bistum-Essen-30.6.2025.pdf\">Einladung zum Tag der MAV im Bistum Essen 30.6.2025<\/a><a href=\"https:\/\/diag-mav-essen.de\/wp-content\/uploads\/2025\/04\/Einladung-zum-Tag-der-MAV-im-Bistum-Essen-30.6.2025.pdf\" class=\"wp-block-file__button wp-element-button\" download aria-describedby=\"wp-block-file--media-38128be1-6bef-4694-96f9-2252df35d5b2\">Herunterladen<\/a><\/div>\n\n\n\n<p><\/p>\n","protected":false},"excerpt":{"rendered":"<p>Liebe Kolleginnen und Kollegen, hiermit leiten wir die Einladung der Wolfsburg in Kooperation mit dem Bisch\u00f6flichen Generalvikariat, dem Di\u00f6zesan-Caritasverband und der DiAG MAV Essen gerne an Euch weiter. Wir freuen uns sehr \u00fcber eine rege Teilnahme von Euch. Hier der &hellip; <a href=\"https:\/\/diag-mav-essen.de\/?p=6333\">Weiterlesen <span class=\"meta-nav\">&rarr;<\/span><\/a><\/p>\n","protected":false},"author":1,"featured_media":0,"comment_status":"closed","ping_status":"closed","sticky":false,"template":"","format":"standard","meta":{"footnotes":""},"categories":[1],"tags":[],"class_list":["post-6333","post","type-post","status-publish","format-standard","hentry","category-allgemein"],"publishpress_future_action":{"enabled":false,"date":"2026-05-09 00:25:35","action":"change-status","newStatus":"draft","terms":[],"taxonomy":"category","extraData":[]},"publishpress_future_workflow_manual_trigger":{"enabledWorkflows":[]},"_links":{"self":[{"href":"https:\/\/diag-mav-essen.de\/index.php?rest_route=\/wp\/v2\/posts\/6333","targetHints":{"allow":["GET"]}}],"collection":[{"href":"https:\/\/diag-mav-essen.de\/index.php?rest_route=\/wp\/v2\/posts"}],"about":[{"href":"https:\/\/diag-mav-essen.de\/index.php?rest_route=\/wp\/v2\/types\/post"}],"author":[{"embeddable":true,"href":"https:\/\/diag-mav-essen.de\/index.php?rest_route=\/wp\/v2\/users\/1"}],"replies":[{"embeddable":true,"href":"https:\/\/diag-mav-essen.de\/index.php?rest_route=%2Fwp%2Fv2%2Fcomments&post=6333"}],"version-history":[{"count":4,"href":"https:\/\/diag-mav-essen.de\/index.php?rest_route=\/wp\/v2\/posts\/6333\/revisions"}],"predecessor-version":[{"id":6343,"href":"https:\/\/diag-mav-essen.de\/index.php?rest_route=\/wp\/v2\/posts\/6333\/revisions\/6343"}],"wp:attachment":[{"href":"https:\/\/diag-mav-essen.de\/index.php?rest_route=%2Fwp%2Fv2%2Fmedia&parent=6333"}],"wp:term":[{"taxonomy":"category","embeddable":true,"href":"https:\/\/diag-mav-essen.de\/index.php?rest_route=%2Fwp%2Fv2%2Fcategories&post=6333"},{"taxonomy":"post_tag","embeddable":true,"href":"https:\/\/diag-mav-essen.de\/index.php?rest_route=%2Fwp%2Fv2%2Ftags&post=6333"}],"curies":[{"name":"wp","href":"https:\/\/api.w.org\/{rel}","templated":true}]}}